{"id":113646,"date":"2025-08-08T14:58:01","date_gmt":"2025-08-08T13:58:01","guid":{"rendered":"https:\/\/jungian.directory\/fcxfougk\/?p=113646"},"modified":"2025-08-08T14:58:01","modified_gmt":"2025-08-08T13:58:01","slug":"150-anos-de-jung-encontros-reflexivos-sobre-o-legado-e-os-rumos-da-psicologia-analitica","status":"publish","type":"post","link":"https:\/\/jungian.directory\/fcxfougk\/150-anos-de-jung-encontros-reflexivos-sobre-o-legado-e-os-rumos-da-psicologia-analitica\/","title":{"rendered":"150 Anos de Jung: Encontros Reflexivos sobre o Legado e os Rumos da Psicologia Anal\u00edtica"},"content":{"rendered":"<p><iframe width=\"480\" height=\"270\" src=\"https:\/\/www.youtube.com\/embed\/IeLqsvs-5_I\" frameborder=\"0\" allow=\"accelerometer; autoplay; clipboard-write; encrypted-media; gyroscope; picture-in-picture; web-share\" referrerpolicy=\"strict-origin-when-cross-origin\" allowfullscreen><\/iframe><br \/>\n150 Anos de Jung: Encontros Reflexivos sobre o Legado e os Rumos da Psicologia Anal\u00edtica<br \/>\n August 5, 2025 at 08:33PM<br \/>\nEm 26 de julho de 2025, celebramos os 150 anos do nascimento de Carl Gustav Jung, psiquiatra su\u00ed\u00e7o, pensador simb\u00f3lico e fundador da Psicologia Anal\u00edtica.<\/p>\n<p>Mais que uma data comemorativa, este \u00e9 um marco de profunda reflex\u00e3o para todos os que, em sua trajet\u00f3ria cl\u00ednica, acad\u00eamica ou pessoal, foram atravessados pela pot\u00eancia transformadora do pensamento junguiano.<\/p>\n<p>Ao longo de um s\u00e9culo e meio, o legado de Jung atravessou fronteiras, dialogou com m\u00faltiplas disciplinas e permaneceu vivo nas mais diversas formas de cuidado da alma. \u00c9 por isso que, neste ano simb\u00f3lico, o Instituto Freedom se une ao movimento internacional de homenagem e aprofundamento, com um evento que busca n\u00e3o apenas relembrar, mas vivificar.<br \/>\n<a href=\"https:\/\/www.youtube.com\/watch?v=IeLqsvs-5_I\">View on YouTube<\/a><\/p>\n","protected":false},"excerpt":{"rendered":"<p>150 Anos de Jung: Encontros Reflexivos sobre o Legado e os Rumos da Psicologia Anal\u00edtica August 5, 2025 at 08:33PM Em 26 de julho de 2025, celebramos os 150 anos do nascimento de Carl Gustav Jung, psiquiatra su\u00ed\u00e7o, pensador simb\u00f3lico e fundador da Psicologia Anal\u00edtica. Mais que uma data comemorativa, este \u00e9 um marco de [&hellip;]<\/p>\n","protected":false},"author":12,"featured_media":113647,"comment_status":"closed","ping_status":"","sticky":false,"template":"","format":"standard","meta":{"_acf_changed":false,"ep_exclude_from_search":false,"footnotes":""},"categories":[1027],"tags":[2876,1382,1030],"class_list":["post-113646","post","type-post","status-publish","format-standard","has-post-thumbnail","hentry","category-video","tag-featured","tag-liked","tag-youtube"],"acf":[],"yoast_head":"<!-- This site is optimized with the Yoast SEO Premium plugin v28.3 (Yoast SEO v28.4) - https:\/\/yoast.com\/product\/yoast-seo-premium-wordpress\/ -->\n<title>150 Anos de Jung: Encontros Reflexivos sobre o Legado e os Rumos da Psicologia Anal\u00edtica - JungianDirectory<\/title>\n<meta name=\"robots\" content=\"noindex, follow, max-snippet:-1, max-image-preview:large, max-video-preview:-1\" \/>\n<meta property=\"og:locale\" content=\"en_GB\" \/>\n<meta property=\"og:type\" content=\"article\" \/>\n<meta property=\"og:title\" content=\"150 Anos de Jung: Encontros Reflexivos sobre o Legado e os Rumos da Psicologia Anal\u00edtica\" \/>\n<meta property=\"og:description\" content=\"150 Anos de Jung: Encontros Reflexivos sobre o Legado e os Rumos da Psicologia Anal\u00edtica August 5, 2025 at 08:33PM Em 26 de julho de 2025, celebramos os 150 anos do nascimento de Carl Gustav Jung, psiquiatra su\u00ed\u00e7o, pensador simb\u00f3lico e fundador da Psicologia Anal\u00edtica. Mais que uma data comemorativa, este \u00e9 um marco de [&hellip;]\" \/>\n<meta property=\"og:url\" content=\"https:\/\/jungian.directory\/fcxfougk\/150-anos-de-jung-encontros-reflexivos-sobre-o-legado-e-os-rumos-da-psicologia-analitica\/\" \/>\n<meta property=\"og:site_name\" content=\"JungianDirectory\" \/>\n<meta property=\"article:published_time\" content=\"2025-08-08T13:58:01+00:00\" \/>\n<meta property=\"og:image\" content=\"https:\/\/jungian.directory\/fcxfougk\/wp-content\/uploads\/2025\/08\/150-anos-de-jung-encontros-reflexivos-sobre-o-legado-e-os-rumos-da-psicologia-analitica.jpg\" \/>\n\t<meta property=\"og:image:width\" content=\"1280\" \/>\n\t<meta property=\"og:image:height\" content=\"720\" \/>\n\t<meta property=\"og:image:type\" content=\"image\/jpeg\" \/>\n<meta name=\"author\" content=\"Newsfeed Web Sources\" \/>\n<meta name=\"twitter:card\" content=\"summary_large_image\" \/>\n<meta name=\"twitter:label1\" content=\"Written by\" \/>\n\t<meta name=\"twitter:data1\" content=\"Newsfeed Web Sources\" \/>\n\t<meta name=\"twitter:label2\" content=\"Estimated reading time\" \/>\n\t<meta name=\"twitter:data2\" content=\"1 minute\" \/>\n<script type=\"application\/ld+json\" class=\"yoast-schema-graph\">{\"@context\":\"https:\\\/\\\/schema.org\",\"@graph\":[{\"@type\":\"Article\",\"@id\":\"https:\\\/\\\/jungian.directory\\\/fcxfougk\\\/150-anos-de-jung-encontros-reflexivos-sobre-o-legado-e-os-rumos-da-psicologia-analitica\\\/#article\",\"isPartOf\":{\"@id\":\"https:\\\/\\\/jungian.directory\\\/fcxfougk\\\/150-anos-de-jung-encontros-reflexivos-sobre-o-legado-e-os-rumos-da-psicologia-analitica\\\/\"},\"author\":{\"name\":\"Newsfeed Web Sources\",\"@id\":\"https:\\\/\\\/jungian.directory\\\/fcxfougk\\\/#\\\/schema\\\/person\\\/db5493e021e539a7673b7d405949d1a1\"},\"headline\":\"150 Anos de Jung: Encontros Reflexivos sobre o Legado e os Rumos da Psicologia Anal\u00edtica\",\"datePublished\":\"2025-08-08T13:58:01+00:00\",\"mainEntityOfPage\":{\"@id\":\"https:\\\/\\\/jungian.directory\\\/fcxfougk\\\/150-anos-de-jung-encontros-reflexivos-sobre-o-legado-e-os-rumos-da-psicologia-analitica\\\/\"},\"wordCount\":156,\"publisher\":{\"@id\":\"https:\\\/\\\/jungian.directory\\\/fcxfougk\\\/#organization\"},\"image\":{\"@id\":\"https:\\\/\\\/jungian.directory\\\/fcxfougk\\\/150-anos-de-jung-encontros-reflexivos-sobre-o-legado-e-os-rumos-da-psicologia-analitica\\\/#primaryimage\"},\"thumbnailUrl\":\"https:\\\/\\\/jungian.directory\\\/fcxfougk\\\/wp-content\\\/uploads\\\/2025\\\/08\\\/150-anos-de-jung-encontros-reflexivos-sobre-o-legado-e-os-rumos-da-psicologia-analitica.jpg\",\"keywords\":[\"featured\",\"Liked\",\"YouTube\"],\"articleSection\":[\"Video\"],\"inLanguage\":\"en-GB\"},{\"@type\":\"WebPage\",\"@id\":\"https:\\\/\\\/jungian.directory\\\/fcxfougk\\\/150-anos-de-jung-encontros-reflexivos-sobre-o-legado-e-os-rumos-da-psicologia-analitica\\\/\",\"url\":\"https:\\\/\\\/jungian.directory\\\/fcxfougk\\\/150-anos-de-jung-encontros-reflexivos-sobre-o-legado-e-os-rumos-da-psicologia-analitica\\\/\",\"name\":\"150 Anos de Jung: Encontros Reflexivos sobre o Legado e os Rumos da Psicologia Anal\u00edtica - JungianDirectory\",\"isPartOf\":{\"@id\":\"https:\\\/\\\/jungian.directory\\\/fcxfougk\\\/#website\"},\"primaryImageOfPage\":{\"@id\":\"https:\\\/\\\/jungian.directory\\\/fcxfougk\\\/150-anos-de-jung-encontros-reflexivos-sobre-o-legado-e-os-rumos-da-psicologia-analitica\\\/#primaryimage\"},\"image\":{\"@id\":\"https:\\\/\\\/jungian.directory\\\/fcxfougk\\\/150-anos-de-jung-encontros-reflexivos-sobre-o-legado-e-os-rumos-da-psicologia-analitica\\\/#primaryimage\"},\"thumbnailUrl\":\"https:\\\/\\\/jungian.directory\\\/fcxfougk\\\/wp-content\\\/uploads\\\/2025\\\/08\\\/150-anos-de-jung-encontros-reflexivos-sobre-o-legado-e-os-rumos-da-psicologia-analitica.jpg\",\"datePublished\":\"2025-08-08T13:58:01+00:00\",\"breadcrumb\":{\"@id\":\"https:\\\/\\\/jungian.directory\\\/fcxfougk\\\/150-anos-de-jung-encontros-reflexivos-sobre-o-legado-e-os-rumos-da-psicologia-analitica\\\/#breadcrumb\"},\"inLanguage\":\"en-GB\",\"potentialAction\":[{\"@type\":\"ReadAction\",\"target\":[\"https:\\\/\\\/jungian.directory\\\/fcxfougk\\\/150-anos-de-jung-encontros-reflexivos-sobre-o-legado-e-os-rumos-da-psicologia-analitica\\\/\"]}]},{\"@type\":\"ImageObject\",\"inLanguage\":\"en-GB\",\"@id\":\"https:\\\/\\\/jungian.directory\\\/fcxfougk\\\/150-anos-de-jung-encontros-reflexivos-sobre-o-legado-e-os-rumos-da-psicologia-analitica\\\/#primaryimage\",\"url\":\"https:\\\/\\\/jungian.directory\\\/fcxfougk\\\/wp-content\\\/uploads\\\/2025\\\/08\\\/150-anos-de-jung-encontros-reflexivos-sobre-o-legado-e-os-rumos-da-psicologia-analitica.jpg\",\"contentUrl\":\"https:\\\/\\\/jungian.directory\\\/fcxfougk\\\/wp-content\\\/uploads\\\/2025\\\/08\\\/150-anos-de-jung-encontros-reflexivos-sobre-o-legado-e-os-rumos-da-psicologia-analitica.jpg\",\"width\":1280,\"height\":720},{\"@type\":\"BreadcrumbList\",\"@id\":\"https:\\\/\\\/jungian.directory\\\/fcxfougk\\\/150-anos-de-jung-encontros-reflexivos-sobre-o-legado-e-os-rumos-da-psicologia-analitica\\\/#breadcrumb\",\"itemListElement\":[{\"@type\":\"ListItem\",\"position\":1,\"name\":\"Home\",\"item\":\"https:\\\/\\\/jungian.directory\\\/fcxfougk\\\/\"},{\"@type\":\"ListItem\",\"position\":2,\"name\":\"150 Anos de Jung: Encontros Reflexivos sobre o Legado e os Rumos da Psicologia Anal\u00edtica\"}]},{\"@type\":\"WebSite\",\"@id\":\"https:\\\/\\\/jungian.directory\\\/fcxfougk\\\/#website\",\"url\":\"https:\\\/\\\/jungian.directory\\\/fcxfougk\\\/\",\"name\":\"JungianDirectory\",\"description\":\"Analysts, Events, Training, CPD, Books, etc\",\"publisher\":{\"@id\":\"https:\\\/\\\/jungian.directory\\\/fcxfougk\\\/#organization\"},\"potentialAction\":[{\"@type\":\"SearchAction\",\"target\":{\"@type\":\"EntryPoint\",\"urlTemplate\":\"https:\\\/\\\/jungian.directory\\\/fcxfougk\\\/?s={search_term_string}\"},\"query-input\":{\"@type\":\"PropertyValueSpecification\",\"valueRequired\":true,\"valueName\":\"search_term_string\"}}],\"inLanguage\":\"en-GB\"},{\"@type\":\"Organization\",\"@id\":\"https:\\\/\\\/jungian.directory\\\/fcxfougk\\\/#organization\",\"name\":\"JungianDirectory\",\"url\":\"https:\\\/\\\/jungian.directory\\\/fcxfougk\\\/\",\"logo\":{\"@type\":\"ImageObject\",\"inLanguage\":\"en-GB\",\"@id\":\"https:\\\/\\\/jungian.directory\\\/fcxfougk\\\/#\\\/schema\\\/logo\\\/image\\\/\",\"url\":\"https:\\\/\\\/jungian.directory\\\/fcxfougk\\\/wp-content\\\/uploads\\\/2024\\\/02\\\/cropped-new-logo-test-2024-03-03.png\",\"contentUrl\":\"https:\\\/\\\/jungian.directory\\\/fcxfougk\\\/wp-content\\\/uploads\\\/2024\\\/02\\\/cropped-new-logo-test-2024-03-03.png\",\"width\":512,\"height\":512,\"caption\":\"JungianDirectory\"},\"image\":{\"@id\":\"https:\\\/\\\/jungian.directory\\\/fcxfougk\\\/#\\\/schema\\\/logo\\\/image\\\/\"}},{\"@type\":\"Person\",\"@id\":\"https:\\\/\\\/jungian.directory\\\/fcxfougk\\\/#\\\/schema\\\/person\\\/db5493e021e539a7673b7d405949d1a1\",\"name\":\"Newsfeed Web Sources\",\"image\":{\"@type\":\"ImageObject\",\"inLanguage\":\"en-GB\",\"@id\":\"https:\\\/\\\/secure.gravatar.com\\\/avatar\\\/6138d01a8c0418270dd26b08debefaad3ff4063339e6dfc3977ee24546d7c7ee?s=96&d=mm&r=g\",\"url\":\"https:\\\/\\\/secure.gravatar.com\\\/avatar\\\/6138d01a8c0418270dd26b08debefaad3ff4063339e6dfc3977ee24546d7c7ee?s=96&d=mm&r=g\",\"contentUrl\":\"https:\\\/\\\/secure.gravatar.com\\\/avatar\\\/6138d01a8c0418270dd26b08debefaad3ff4063339e6dfc3977ee24546d7c7ee?s=96&d=mm&r=g\",\"caption\":\"Newsfeed Web Sources\"},\"sameAs\":[\"http:\\\/\\\/stephengarratt\"],\"url\":\"https:\\\/\\\/jungian.directory\\\/fcxfougk\\\/author\\\/iftt\\\/\"}]}<\/script>\n<!-- \/ Yoast SEO Premium plugin. -->","yoast_head_json":{"title":"150 Anos de Jung: Encontros Reflexivos sobre o Legado e os Rumos da Psicologia Anal\u00edtica - JungianDirectory","robots":{"index":"noindex","follow":"follow","max-snippet":"max-snippet:-1","max-image-preview":"max-image-preview:large","max-video-preview":"max-video-preview:-1"},"og_locale":"en_GB","og_type":"article","og_title":"150 Anos de Jung: Encontros Reflexivos sobre o Legado e os Rumos da Psicologia Anal\u00edtica","og_description":"150 Anos de Jung: Encontros Reflexivos sobre o Legado e os Rumos da Psicologia Anal\u00edtica August 5, 2025 at 08:33PM Em 26 de julho de 2025, celebramos os 150 anos do nascimento de Carl Gustav Jung, psiquiatra su\u00ed\u00e7o, pensador simb\u00f3lico e fundador da Psicologia Anal\u00edtica. Mais que uma data comemorativa, este \u00e9 um marco de [&hellip;]","og_url":"https:\/\/jungian.directory\/fcxfougk\/150-anos-de-jung-encontros-reflexivos-sobre-o-legado-e-os-rumos-da-psicologia-analitica\/","og_site_name":"JungianDirectory","article_published_time":"2025-08-08T13:58:01+00:00","og_image":[{"width":1280,"height":720,"url":"https:\/\/jungian.directory\/fcxfougk\/wp-content\/uploads\/2025\/08\/150-anos-de-jung-encontros-reflexivos-sobre-o-legado-e-os-rumos-da-psicologia-analitica.jpg","type":"image\/jpeg"}],"author":"Newsfeed Web Sources","twitter_card":"summary_large_image","twitter_misc":{"Written by":"Newsfeed Web Sources","Estimated reading time":"1 minute"},"schema":{"@context":"https:\/\/schema.org","@graph":[{"@type":"Article","@id":"https:\/\/jungian.directory\/fcxfougk\/150-anos-de-jung-encontros-reflexivos-sobre-o-legado-e-os-rumos-da-psicologia-analitica\/#article","isPartOf":{"@id":"https:\/\/jungian.directory\/fcxfougk\/150-anos-de-jung-encontros-reflexivos-sobre-o-legado-e-os-rumos-da-psicologia-analitica\/"},"author":{"name":"Newsfeed Web Sources","@id":"https:\/\/jungian.directory\/fcxfougk\/#\/schema\/person\/db5493e021e539a7673b7d405949d1a1"},"headline":"150 Anos de Jung: Encontros Reflexivos sobre o Legado e os Rumos da Psicologia Anal\u00edtica","datePublished":"2025-08-08T13:58:01+00:00","mainEntityOfPage":{"@id":"https:\/\/jungian.directory\/fcxfougk\/150-anos-de-jung-encontros-reflexivos-sobre-o-legado-e-os-rumos-da-psicologia-analitica\/"},"wordCount":156,"publisher":{"@id":"https:\/\/jungian.directory\/fcxfougk\/#organization"},"image":{"@id":"https:\/\/jungian.directory\/fcxfougk\/150-anos-de-jung-encontros-reflexivos-sobre-o-legado-e-os-rumos-da-psicologia-analitica\/#primaryimage"},"thumbnailUrl":"https:\/\/jungian.directory\/fcxfougk\/wp-content\/uploads\/2025\/08\/150-anos-de-jung-encontros-reflexivos-sobre-o-legado-e-os-rumos-da-psicologia-analitica.jpg","keywords":["featured","Liked","YouTube"],"articleSection":["Video"],"inLanguage":"en-GB"},{"@type":"WebPage","@id":"https:\/\/jungian.directory\/fcxfougk\/150-anos-de-jung-encontros-reflexivos-sobre-o-legado-e-os-rumos-da-psicologia-analitica\/","url":"https:\/\/jungian.directory\/fcxfougk\/150-anos-de-jung-encontros-reflexivos-sobre-o-legado-e-os-rumos-da-psicologia-analitica\/","name":"150 Anos de Jung: Encontros Reflexivos sobre o Legado e os Rumos da Psicologia Anal\u00edtica - JungianDirectory","isPartOf":{"@id":"https:\/\/jungian.directory\/fcxfougk\/#website"},"primaryImageOfPage":{"@id":"https:\/\/jungian.directory\/fcxfougk\/150-anos-de-jung-encontros-reflexivos-sobre-o-legado-e-os-rumos-da-psicologia-analitica\/#primaryimage"},"image":{"@id":"https:\/\/jungian.directory\/fcxfougk\/150-anos-de-jung-encontros-reflexivos-sobre-o-legado-e-os-rumos-da-psicologia-analitica\/#primaryimage"},"thumbnailUrl":"https:\/\/jungian.directory\/fcxfougk\/wp-content\/uploads\/2025\/08\/150-anos-de-jung-encontros-reflexivos-sobre-o-legado-e-os-rumos-da-psicologia-analitica.jpg","datePublished":"2025-08-08T13:58:01+00:00","breadcrumb":{"@id":"https:\/\/jungian.directory\/fcxfougk\/150-anos-de-jung-encontros-reflexivos-sobre-o-legado-e-os-rumos-da-psicologia-analitica\/#breadcrumb"},"inLanguage":"en-GB","potentialAction":[{"@type":"ReadAction","target":["https:\/\/jungian.directory\/fcxfougk\/150-anos-de-jung-encontros-reflexivos-sobre-o-legado-e-os-rumos-da-psicologia-analitica\/"]}]},{"@type":"ImageObject","inLanguage":"en-GB","@id":"https:\/\/jungian.directory\/fcxfougk\/150-anos-de-jung-encontros-reflexivos-sobre-o-legado-e-os-rumos-da-psicologia-analitica\/#primaryimage","url":"https:\/\/jungian.directory\/fcxfougk\/wp-content\/uploads\/2025\/08\/150-anos-de-jung-encontros-reflexivos-sobre-o-legado-e-os-rumos-da-psicologia-analitica.jpg","contentUrl":"https:\/\/jungian.directory\/fcxfougk\/wp-content\/uploads\/2025\/08\/150-anos-de-jung-encontros-reflexivos-sobre-o-legado-e-os-rumos-da-psicologia-analitica.jpg","width":1280,"height":720},{"@type":"BreadcrumbList","@id":"https:\/\/jungian.directory\/fcxfougk\/150-anos-de-jung-encontros-reflexivos-sobre-o-legado-e-os-rumos-da-psicologia-analitica\/#breadcrumb","itemListElement":[{"@type":"ListItem","position":1,"name":"Home","item":"https:\/\/jungian.directory\/fcxfougk\/"},{"@type":"ListItem","position":2,"name":"150 Anos de Jung: Encontros Reflexivos sobre o Legado e os Rumos da Psicologia Anal\u00edtica"}]},{"@type":"WebSite","@id":"https:\/\/jungian.directory\/fcxfougk\/#website","url":"https:\/\/jungian.directory\/fcxfougk\/","name":"JungianDirectory","description":"Analysts, Events, Training, CPD, Books, etc","publisher":{"@id":"https:\/\/jungian.directory\/fcxfougk\/#organization"},"potentialAction":[{"@type":"SearchAction","target":{"@type":"EntryPoint","urlTemplate":"https:\/\/jungian.directory\/fcxfougk\/?s={search_term_string}"},"query-input":{"@type":"PropertyValueSpecification","valueRequired":true,"valueName":"search_term_string"}}],"inLanguage":"en-GB"},{"@type":"Organization","@id":"https:\/\/jungian.directory\/fcxfougk\/#organization","name":"JungianDirectory","url":"https:\/\/jungian.directory\/fcxfougk\/","logo":{"@type":"ImageObject","inLanguage":"en-GB","@id":"https:\/\/jungian.directory\/fcxfougk\/#\/schema\/logo\/image\/","url":"https:\/\/jungian.directory\/fcxfougk\/wp-content\/uploads\/2024\/02\/cropped-new-logo-test-2024-03-03.png","contentUrl":"https:\/\/jungian.directory\/fcxfougk\/wp-content\/uploads\/2024\/02\/cropped-new-logo-test-2024-03-03.png","width":512,"height":512,"caption":"JungianDirectory"},"image":{"@id":"https:\/\/jungian.directory\/fcxfougk\/#\/schema\/logo\/image\/"}},{"@type":"Person","@id":"https:\/\/jungian.directory\/fcxfougk\/#\/schema\/person\/db5493e021e539a7673b7d405949d1a1","name":"Newsfeed Web Sources","image":{"@type":"ImageObject","inLanguage":"en-GB","@id":"https:\/\/secure.gravatar.com\/avatar\/6138d01a8c0418270dd26b08debefaad3ff4063339e6dfc3977ee24546d7c7ee?s=96&d=mm&r=g","url":"https:\/\/secure.gravatar.com\/avatar\/6138d01a8c0418270dd26b08debefaad3ff4063339e6dfc3977ee24546d7c7ee?s=96&d=mm&r=g","contentUrl":"https:\/\/secure.gravatar.com\/avatar\/6138d01a8c0418270dd26b08debefaad3ff4063339e6dfc3977ee24546d7c7ee?s=96&d=mm&r=g","caption":"Newsfeed Web Sources"},"sameAs":["http:\/\/stephengarratt"],"url":"https:\/\/jungian.directory\/fcxfougk\/author\/iftt\/"}]}},"_links":{"self":[{"href":"https:\/\/jungian.directory\/fcxfougk\/wp-json\/wp\/v2\/posts\/113646","targetHints":{"allow":["GET"]}}],"collection":[{"href":"https:\/\/jungian.directory\/fcxfougk\/wp-json\/wp\/v2\/posts"}],"about":[{"href":"https:\/\/jungian.directory\/fcxfougk\/wp-json\/wp\/v2\/types\/post"}],"author":[{"embeddable":true,"href":"https:\/\/jungian.directory\/fcxfougk\/wp-json\/wp\/v2\/users\/12"}],"replies":[{"embeddable":true,"href":"https:\/\/jungian.directory\/fcxfougk\/wp-json\/wp\/v2\/comments?post=113646"}],"version-history":[{"count":0,"href":"https:\/\/jungian.directory\/fcxfougk\/wp-json\/wp\/v2\/posts\/113646\/revisions"}],"wp:featuredmedia":[{"embeddable":true,"href":"https:\/\/jungian.directory\/fcxfougk\/wp-json\/wp\/v2\/media\/113647"}],"wp:attachment":[{"href":"https:\/\/jungian.directory\/fcxfougk\/wp-json\/wp\/v2\/media?parent=113646"}],"wp:term":[{"taxonomy":"category","embeddable":true,"href":"https:\/\/jungian.directory\/fcxfougk\/wp-json\/wp\/v2\/categories?post=113646"},{"taxonomy":"post_tag","embeddable":true,"href":"https:\/\/jungian.directory\/fcxfougk\/wp-json\/wp\/v2\/tags?post=113646"}],"curies":[{"name":"wp","href":"https:\/\/api.w.org\/{rel}","templated":true}]}}